{"id":4514,"date":"2016-04-20T10:57:50","date_gmt":"2016-04-20T09:57:50","guid":{"rendered":"http:\/\/www.hum-id.com\/?p=4514"},"modified":"2016-04-21T10:54:46","modified_gmt":"2016-04-21T09:54:46","slug":"nun-weiss-ich-dass-alles-dicht-ist-interview-zu-hum-id-im-dachbaumagazin","status":"publish","type":"post","link":"https:\/\/www.hum-id.com\/en\/nun-weiss-ich-dass-alles-dicht-ist-interview-zu-hum-id-im-dachbaumagazin\/","title":{"rendered":"&#8222;Nun wei\u00df ich, dass alles dicht ist&#8220; &#8211; Interview zu Hum-ID im Dachbaumagazin"},"content":{"rendered":"<div id=\"fws_69f75c8b3256f\"  data-column-margin=\"default\" data-midnight=\"dark\"  class=\"wpb_row vc_row-fluid vc_row\"  style=\"padding-top: 0px; padding-bottom: 0px; \"><div class=\"row-bg-wrap\" data-bg-animation=\"none\" data-bg-overlay=\"false\"><div class=\"inner-wrap\"><div class=\"row-bg viewport-desktop\"  style=\"\"><\/div><\/div><\/div><div class=\"row_col_wrap_12 col span_12 dark left\">\n\t<div  class=\"vc_col-sm-12 wpb_column column_container vc_column_container col no-extra-padding\"  data-padding-pos=\"all\" data-has-bg-color=\"false\" data-bg-color=\"\" data-bg-opacity=\"1\" data-animation=\"\" data-delay=\"0\" >\n\t\t<div class=\"vc_column-inner\" >\n\t\t\t<div class=\"wpb_wrapper\">\n\t\t\t\t\n<div class=\"wpb_text_column wpb_content_element\" >\n\t<div class=\"wpb_wrapper\">\n\t\t<p><strong>Mit eingebauten Sensoren das Flachdach \u00fcberwachen &#8211; was noch vor einigen Jahren nach Zukunftsmusik klang, setzt sich im \u00f6ffentlichen und gewerblichen Flachdachbau immer mehr durch.\u00a0Dachdecker Gerald M\u00e4rksch berichtet von\u00a0seinen Erfahrungen mit der integrierten Dachkontrolle von Hum-ID im Interview mit dem Dachbaumagazin.<br \/>\n<\/strong><!--more--><\/p>\n<h2><\/h2>\n\t<\/div>\n<\/div>\n\n\n\n\n\t\t\t<\/div> \n\t\t<\/div>\n\t<\/div> \n<\/div><\/div>\n\t\t<div id=\"fws_69f75c8b32fe8\"  data-column-margin=\"default\" data-midnight=\"dark\"  class=\"wpb_row vc_row-fluid vc_row\"  style=\"padding-top: 0px; padding-bottom: 0px; \"><div class=\"row-bg-wrap\" data-bg-animation=\"none\" data-bg-overlay=\"false\"><div class=\"inner-wrap\"><div class=\"row-bg viewport-desktop\"  style=\"\"><\/div><\/div><\/div><div class=\"row_col_wrap_12 col span_12 dark left\">\n\t<div  class=\"vc_col-sm-12 wpb_column column_container vc_column_container col no-extra-padding\"  data-padding-pos=\"all\" data-has-bg-color=\"false\" data-bg-color=\"\" data-bg-opacity=\"1\" data-animation=\"\" data-delay=\"0\" >\n\t\t<div class=\"vc_column-inner\" >\n\t\t\t<div class=\"wpb_wrapper\">\n\t\t\t\t\n<div class=\"wpb_text_column wpb_content_element\" >\n\t<div class=\"wpb_wrapper\">\n\t\t<h2>\u201eNun wei\u00df ich, dass alles dicht ist\u201c<\/h2>\n<p>Interview erschienen im Dachbaumagazin, Ausgabe 4\/2016<\/p>\n<h3>Gerald M\u00e4rksch ist der Chef eines Dachdeckerbetriebs mit zehn Mitarbeitern und hat sich auf Flachd\u00e4cher spezialisiert. Vor Kurzem hat sein Betrieb auf dem Flachdach des Strahlentherapiegeb\u00e4udes einer Klinik der Krankenhauskette Vivantes in Berlin erstmals ein Sensor-Monitoring-System eingebaut.<\/h3>\n<p><strong><em><span style=\"color: #99cc00;\">dachbaumagazin:<\/span> Herr M\u00e4rksch, wie kamen Sie zu dem Auftrag, auf dem Flachdach des Strahlentherapiegeb\u00e4udes neben den normalen Dachdeckerarbeiten auch ein Monitoringsystem einzubauen?<\/em><\/strong><\/p>\n<p><strong>Gerald M\u00e4rksch:<\/strong> Die technische Abteilung der Klinik hatte solche Systeme schon auf mehreren Flachd\u00e4chern einbauen lassen und wollte deshalb auch f\u00fcr dieses Flachdach von mir ein Angebot f\u00fcrs Monitoring. Ich fand das System auf Sensorbasis am sinnvollsten und habe mich nach dem Studium der Verlegeanleitung f\u00fcr das System von Hum-ID entschieden.<\/p>\n<p><strong><em><strong><em><span style=\"color: #99cc00;\">dachbaumagazin:<\/span> <\/em><\/strong>Wie verlief der Einbau der Sensoren auf der Baustelle?<br \/>\n<\/em><\/strong>Unproblematisch, da das System relativ simpel aufgebaut und damit anwenderfreundlich ist. Wir mussten in die D\u00e4mmplatten nur eine Nut fr\u00e4sen und darin pro Quadratmeter Dachfl\u00e4che einen Sensor platzieren &#8211; und das war&#8217;s auch schon.<\/p>\n<h3>&#8222;Und tats\u00e4chlich: Nach Inbetriebnahme der Sensoren haben wir eine undichte Stelle gefunden, die aufgrund der genauen Sensor-Ortung schnell und vor allem g\u00fcnstig ausgebessert werden konnte&#8220;<\/h3>\n<p><em><strong><strong><em><span style=\"color: #99cc00;\">dachbaumagazin:<\/span> <\/em><\/strong>Wie wichtig ist Ihnen das Gef\u00fchl, garantiert zu wissen, dass die neue Abdichtung hundertprozentig dicht ist?<br \/>\n<\/strong><\/em>Sehr wichtig: Mein Betrieb f\u00fchrt seit 26 Jahren zu 90 Prozent Flachdacharbeiten aus, und da sind vor allem die Durchdringungen, die es auch auf dem Dach des Krankenhauses aufgrund der vielen haustechnischen Anlagen gab, problematisch. Und tats\u00e4chlich: Nach Inbetriebnahme der Sensoren haben wir eine undichte Stelle gefunden, die aufgrund der genauen Sensor-Ortung schnell und vor allem g\u00fcnstig nachgebessert werden konnte. Jetzt wei\u00df ich, dass das neue Dach tats\u00e4chlich dicht ist und lange funktionieren wird.<\/p>\n\t<\/div>\n<\/div>\n\n\n\n\n\t\t\t<\/div> \n\t\t<\/div>\n\t<\/div> \n<\/div><\/div>\n\t\t<div id=\"fws_69f75c8b338d4\"  data-column-margin=\"default\" data-midnight=\"dark\"  class=\"wpb_row vc_row-fluid vc_row\"  style=\"padding-top: 0px; padding-bottom: 0px; \"><div class=\"row-bg-wrap\" data-bg-animation=\"none\" data-bg-overlay=\"false\"><div class=\"inner-wrap\"><div class=\"row-bg viewport-desktop\"  style=\"\"><\/div><\/div><\/div><div class=\"row_col_wrap_12 col span_12 dark left\">\n\t<div  class=\"vc_col-sm-6 wpb_column column_container vc_column_container col no-extra-padding\"  data-padding-pos=\"all\" data-has-bg-color=\"false\" data-bg-color=\"\" data-bg-opacity=\"1\" data-animation=\"\" data-delay=\"0\" >\n\t\t<div class=\"vc_column-inner\" >\n\t\t\t<div class=\"wpb_wrapper\">\n\t\t\t\t<div class=\"img-with-aniamtion-wrap center\" data-max-width=\"100%\" data-max-width-mobile=\"100%\" data-shadow=\"none\" data-animation=\"flip-in\" >\n      <div class=\"inner\">\n        <div class=\"hover-wrap\"> \n          <div class=\"hover-wrap-inner\">\n            <img loading=\"lazy\" decoding=\"async\" class=\"img-with-animation skip-lazy\" data-delay=\"0\" height=\"235\" width=\"193\" data-animation=\"flip-in\" src=\"https:\/\/www.hum-id.com\/wp-content\/uploads\/2016\/04\/maerksch.jpg\" alt=\"Dachdecker M\u00e4rksch Hum-ID Erfahrungsbericht\"  \/>\n          <\/div>\n        <\/div>\n      <\/div>\n    <\/div>\n<div class=\"wpb_text_column wpb_content_element\" >\n\t<div class=\"wpb_wrapper\">\n\t\t<div class=\"page\" title=\"Page 2\">\n<div class=\"section\">\n<div class=\"layoutArea\">\n<div class=\"column\">\n<p><em>Dachdeckermeister Gerald Ma\u0308rksch aus Schenkendo\u0308bern stand dem Dachbaumagazin Rede und Antwort.<\/em><\/p>\n<\/div>\n<\/div>\n<\/div>\n<\/div>\n\t<\/div>\n<\/div>\n\n\n\n\n<div class=\"wpb_text_column wpb_content_element\" >\n\t<div class=\"wpb_wrapper\">\n\t\t<p><a href=\"\/en\/&\/#x6d;&#97;i&#x6c;&#116;o&#x3a;&#105;n&#x66;&#111;&#64;&#x64;&#97;c&#x68;&#x64;e&#x63;&#x6b;&#101;&#x72;&#x2d;&#109;&#x61;&#x65;&#114;k&#x73;&#99;h&#x2e;&#100;e\" target=\"_blank\" rel=\"noreferrer\">&#105;&#x6e;&#x66;&#111;&#x40;&#x64;a&#x63;&#x68;d&#101;&#x63;k&#101;&#x72;-&#109;&#x61;e&#114;&#x6b;s&#99;&#x68;&#x2e;&#100;&#x65;<\/a><\/p>\n\t<\/div>\n<\/div>\n\n\n\n\n\t\t\t<\/div> \n\t\t<\/div>\n\t<\/div> \n\n\t<div  class=\"vc_col-sm-6 wpb_column column_container vc_column_container col no-extra-padding\"  data-padding-pos=\"all\" data-has-bg-color=\"false\" data-bg-color=\"\" data-bg-opacity=\"1\" data-animation=\"\" data-delay=\"0\" >\n\t\t<div class=\"vc_column-inner\" >\n\t\t\t<div class=\"wpb_wrapper\">\n\t\t\t\t\n<div class=\"wpb_text_column wpb_content_element\" >\n\t<div class=\"wpb_wrapper\">\n\t\t<p><em><strong><strong><em><span style=\"color: #99cc00;\">dachbaumagazin:<\/span> <\/em><\/strong>Wo sehen Sie weitere Vorteile des Sensorsystems?<br \/>\n<\/strong><\/em>Zum einen brauchen die Sensoren keinen Strom und m\u00fcssen damit nicht verkabelt werden. Das vereinfacht den Einbau und macht das System wirtschaftlich, au\u00dferdem k\u00f6nnen die Sensoren bei einer Sanierung einfach nachger\u00fcstet werden.<\/p>\n<p>&nbsp;<\/p>\n<h2>&#8222;In meinen Augen sind Sensoren die einzige wirtschaftlich sinnvolle Variante f\u00fcrs Monitoring auf dem Flachdach&#8220;<\/h2>\n\t<\/div>\n<\/div>\n\n\n\n\n\t\t\t<\/div> \n\t\t<\/div>\n\t<\/div> \n<\/div><\/div>\n\t\t<div id=\"fws_69f75c8b35217\"  data-column-margin=\"default\" data-midnight=\"dark\"  class=\"wpb_row vc_row-fluid vc_row\"  style=\"padding-top: 0px; padding-bottom: 0px; \"><div class=\"row-bg-wrap\" data-bg-animation=\"none\" data-bg-overlay=\"false\"><div class=\"inner-wrap\"><div class=\"row-bg viewport-desktop\"  style=\"\"><\/div><\/div><\/div><div class=\"row_col_wrap_12 col span_12 dark left\">\n\t<div  class=\"vc_col-sm-12 wpb_column column_container vc_column_container col no-extra-padding\"  data-padding-pos=\"all\" data-has-bg-color=\"false\" data-bg-color=\"\" data-bg-opacity=\"1\" data-animation=\"\" data-delay=\"0\" >\n\t\t<div class=\"vc_column-inner\" >\n\t\t\t<div class=\"wpb_wrapper\">\n\t\t\t\t\n<div class=\"wpb_text_column wpb_content_element\" >\n\t<div class=\"wpb_wrapper\">\n\t\t<p>Zum anderen lassen sich undichte Stellen schnell lokalisieren, so dass rechtzeitig und punktgenau repariert werden kann. In meinen Augen sind Sensoren derzeit die einzige wirtschaftlich sinnvolle Variante f\u00fcrs Monitoring auf dem Flachdach.<\/p>\n<p><strong><strong><em><span style=\"color: #99cc00;\">dachbaumagazin:<\/span> <\/em><\/strong><em>Wer \u00fcbernimmt das Monitoring auf dem Krankenhausdach?<\/em><br \/>\n<\/strong>Da wir keinen Wartungsvertrag haben, wurde ein Mitarbeiter des Krankenhauses von uns eingearbeitet: Die haben selbst <a href=\"\/en\/uber-hum-id\/der-hum-id-dachscanner\/\">ein Ausleseger\u00e4t<\/a> und k\u00f6nnen nun in frei w\u00e4hlbaren Intervallen das Dach \u00fcberpr\u00fcfen.<\/p>\n<p><strong><strong><em><span style=\"color: #99cc00;\">dachbaumagazin:<\/span> <\/em><\/strong><em>Wie ist Ihr Fazit nach dem ersten Einbau des Systems?<\/em><\/strong><br \/>\nSehr positiv. Wir werden diese Form des Monitorings in Zukunft auch selbstst\u00e4ndig anbieten.<\/p>\n<p><strong><strong><em><span style=\"color: #99cc00;\">dachbaumagazin:<\/span> <\/em><\/strong><em>Herr M\u00e4rksch,\u00a0vielen Dank f\u00fcr das Gespr\u00e4ch.<\/em><\/strong><\/p>\n\t<\/div>\n<\/div>\n\n\n\n\n\t\t\t<\/div> \n\t\t<\/div>\n\t<\/div> \n<\/div><\/div>\n\t\t<div id=\"fws_69f75c8b35eef\"  data-column-margin=\"default\" data-midnight=\"dark\"  class=\"wpb_row vc_row-fluid vc_row\"  style=\"padding-top: 0px; padding-bottom: 0px; \"><div class=\"row-bg-wrap\" data-bg-animation=\"none\" data-bg-overlay=\"false\"><div class=\"inner-wrap\"><div class=\"row-bg viewport-desktop\"  style=\"\"><\/div><\/div><\/div><div class=\"row_col_wrap_12 col span_12 dark left\">\n\t<div  class=\"vc_col-sm-12 wpb_column column_container vc_column_container col no-extra-padding\"  data-padding-pos=\"all\" data-has-bg-color=\"false\" data-bg-color=\"\" data-bg-opacity=\"1\" data-animation=\"\" data-delay=\"0\" >\n\t\t<div class=\"vc_column-inner\" >\n\t\t\t<div class=\"wpb_wrapper\">\n\t\t\t\t\n<div class=\"wpb_text_column wpb_content_element\" >\n\t<div class=\"wpb_wrapper\">\n\t\t<p>\u2013 \u2013 \u2013<br \/>\nden gesamten Artikel lesen Sie in der <a href=\"https:\/\/www.dachbaumagazin.de\/\" target=\"_blank\">Ausgabe 4\/2016 vom Dachbaumagazin<\/a>. <a href=\"http:\/\/www.hum-id.com\/en\/press\/201604-Hum-ID-im-Dachbau-magazin.pdf\/\" target=\"_blank\">Hier<\/a> k\u00f6nnen Sie den Artikel herunterladen.<\/p>\n\t<\/div>\n<\/div>\n\n\n\n\n<div class=\"wpb_text_column wpb_content_element  vc_custom_1459865835011\" >\n\t<div class=\"wpb_wrapper\">\n\t\t<a class=\"nectar-button n-sc-button medium accent-color has-icon regular-button\"  href=\"\/en\/presse\/\" data-color-override=\"false\" data-hover-color-override=\"false\" data-hover-text-color-override=\"#fff\"><span>\u00dcbersicht: Hum-ID in der Presse<\/span><i class=\"fa fa-thumb-tack\"><\/i><\/a>\n\t<\/div>\n<\/div>\n\n\n\n\n\t\t\t<\/div> \n\t\t<\/div>\n\t<\/div> \n<\/div><\/div>\n\t\t<div id=\"fws_69f75c8b36e90\"  data-column-margin=\"default\" data-midnight=\"dark\"  class=\"wpb_row vc_row-fluid vc_row\"  style=\"padding-top: 0px; padding-bottom: 0px; \"><div class=\"row-bg-wrap\" data-bg-animation=\"none\" data-bg-overlay=\"false\"><div class=\"inner-wrap\"><div class=\"row-bg viewport-desktop\"  style=\"\"><\/div><\/div><\/div><div class=\"row_col_wrap_12 col span_12 dark left\">\n\t<div  class=\"vc_col-sm-12 wpb_column column_container vc_column_container col no-extra-padding\"  data-padding-pos=\"all\" data-has-bg-color=\"false\" data-bg-color=\"\" data-bg-opacity=\"1\" data-animation=\"\" data-delay=\"0\" >\n\t\t<div class=\"vc_column-inner\" >\n\t\t\t<div class=\"wpb_wrapper\">\n\t\t\t\t\n<div class=\"wpb_text_column wpb_content_element\" >\n\t<div class=\"wpb_wrapper\">\n\t\t<p><em>\u00dcber Hum-ID<br \/>\nHum-ID wendet sich an Planer, Architekten und Bauherren. Es ist f\u00fcr alle gedacht, die bei ihren Bauprojekten absolute Sicherheit haben wollen, an dem langfristigen Werterhalt der Immobilie interessiert sind und hohe Sanierungskosten als Folge von Undichtigkeiten im Dach vermeiden wollen. Nicht nur als Kontrolle bei der Abnahme, sondern auch als effektives Instrument zur regelm\u00e4\u00dfigen \u00dcberpr\u00fcfung der Dichtigkeit ist Hum-ID das perfekte System. Hum-ID ist das G\u00fctesiegel f\u00fcr das moderne Flachdach.<\/em><\/p>\n<p><strong><a href=\"http:\/\/www.hum-id.com\/en\/uber-hum-id\/\">Erfahren Sie mehr \u00fcber unser System<\/a><\/strong> | <strong><a href=\"http:\/\/www.hum-id.com\/en\/anfrage-senden\/\">Weitere Produktinformationen anfordern<\/a><\/strong><\/p>\n\t<\/div>\n<\/div>\n\n\n\n\n\t\t\t<\/div> \n\t\t<\/div>\n\t<\/div> \n<\/div><\/div>","protected":false},"excerpt":{"rendered":"<p>Mit eingebauten Sensoren das Flachdach \u00fcberwachen &#8211; was noch vor einigen Jahren nach Zukunftsmusik klang, setzt sich im \u00f6ffentlichen und gewerblichen Flachdachbau immer mehr durch.\u00a0Dachdecker Gerald M\u00e4rksch berichtet von\u00a0seinen Erfahrungen&#8230;<\/p>","protected":false},"author":2,"featured_media":4520,"comment_status":"closed","ping_status":"open","sticky":false,"template":"","format":"standard","meta":{"footnotes":""},"categories":[59,10,152],"tags":[],"class_list":{"0":"post-4514","1":"post","2":"type-post","3":"status-publish","4":"format-standard","5":"has-post-thumbnail","7":"category-aktuelles","8":"category-blog","9":"category-presse"},"aioseo_notices":[],"_links":{"self":[{"href":"https:\/\/www.hum-id.com\/en\/wp-json\/wp\/v2\/posts\/4514","targetHints":{"allow":["GET"]}}],"collection":[{"href":"https:\/\/www.hum-id.com\/en\/wp-json\/wp\/v2\/posts"}],"about":[{"href":"https:\/\/www.hum-id.com\/en\/wp-json\/wp\/v2\/types\/post"}],"author":[{"embeddable":true,"href":"https:\/\/www.hum-id.com\/en\/wp-json\/wp\/v2\/users\/2"}],"replies":[{"embeddable":true,"href":"https:\/\/www.hum-id.com\/en\/wp-json\/wp\/v2\/comments?post=4514"}],"version-history":[{"count":0,"href":"https:\/\/www.hum-id.com\/en\/wp-json\/wp\/v2\/posts\/4514\/revisions"}],"wp:featuredmedia":[{"embeddable":true,"href":"https:\/\/www.hum-id.com\/en\/wp-json\/wp\/v2\/media\/4520"}],"wp:attachment":[{"href":"https:\/\/www.hum-id.com\/en\/wp-json\/wp\/v2\/media?parent=4514"}],"wp:term":[{"taxonomy":"category","embeddable":true,"href":"https:\/\/www.hum-id.com\/en\/wp-json\/wp\/v2\/categories?post=4514"},{"taxonomy":"post_tag","embeddable":true,"href":"https:\/\/www.hum-id.com\/en\/wp-json\/wp\/v2\/tags?post=4514"}],"curies":[{"name":"wp","href":"https:\/\/api.w.org\/{rel}","templated":true}]}}